[{"groupName":"Aerodin\u00e2mica","characteristic_id":13,"items":[{"id":293,"name":"Defletor de ar nas laterais"},{"id":292,"name":"Defletor de ar no teto"},{"id":297,"name":"Paralamas"},{"id":488,"name":"Paralamas pintados"},{"id":331,"name":"Protetor de escadas"},{"id":295,"name":"Side Skirt"},{"id":296,"name":"Spoiler no para-choque"}]},{"groupName":"Carroceria","characteristic_id":12,"items":[{"id":341,"name":"Altura 0,40m"},{"id":342,"name":"Altura 0,60m"},{"id":343,"name":"Altura 0,80m"},{"id":344,"name":"Altura 1,00m"},{"id":345,"name":"Altura 1,20m"},{"id":346,"name":"Altura 1,40m"},{"id":347,"name":"Altura 1,50m"},{"id":348,"name":"Altura 1,60m"},{"id":349,"name":"Altura 1,80m"},{"id":350,"name":"Altura 2,00m"},{"id":351,"name":"Altura 2,10m"},{"id":352,"name":"Altura 2,20m"},{"id":353,"name":"Altura 2,30m"},{"id":354,"name":"Altura 2,40m"},{"id":355,"name":"Altura 2,50m"},{"id":356,"name":"Altura 2,60m"},{"id":357,"name":"Altura 2,65m"},{"id":358,"name":"Altura 2,70m"},{"id":359,"name":"Altura 2,75m"},{"id":360,"name":"Altura 2,80m"},{"id":278,"name":"Ca\u00e7amba 04m\u00b3"},{"id":279,"name":"Ca\u00e7amba 05m\u00b3"},{"id":280,"name":"Ca\u00e7amba 06m\u00b3"},{"id":281,"name":"Ca\u00e7amba 08m\u00b3"},{"id":282,"name":"Ca\u00e7amba 10m\u00b3"},{"id":283,"name":"Ca\u00e7amba 12m\u00b2"},{"id":284,"name":"Ca\u00e7amba 13m\u00b3"},{"id":285,"name":"Ca\u00e7amba 14m\u00b3"},{"id":286,"name":"Ca\u00e7amba 16m\u00b3"},{"id":287,"name":"Ca\u00e7amba 18m\u00b3"},{"id":322,"name":"Comprimento 10,5m"},{"id":323,"name":"Comprimento 10m"},{"id":311,"name":"Comprimento 3m"},{"id":312,"name":"Comprimento 4m"},{"id":314,"name":"Comprimento 5,50m"},{"id":313,"name":"Comprimento 5m"},{"id":316,"name":"Comprimento 6,50m"},{"id":315,"name":"Comprimento 6m"},{"id":318,"name":"Comprimento 7,50m"},{"id":317,"name":"Comprimento 7m"},{"id":320,"name":"Comprimento 8,50m"},{"id":319,"name":"Comprimento 8m"},{"id":467,"name":"Comprimento 9,50m"},{"id":321,"name":"Comprimento 9m"},{"id":334,"name":"Largura 2,20m"},{"id":335,"name":"Largura 2,30m"},{"id":336,"name":"Largura 2,40m"},{"id":337,"name":"Largura 2,45m"},{"id":338,"name":"Largura 2,48m"},{"id":339,"name":"Largura 2,50m"},{"id":340,"name":"Largura 2,60m"}]},{"groupName":"Conforto e Tecnologia","characteristic_id":5,"items":[{"id":60,"name":"Ar-condicionado"},{"id":61,"name":"Ar-condicionado noturno"},{"id":709,"name":"Baf\u00f4metro \/ IID"},{"id":499,"name":"Banco em couro"},{"id":500,"name":"Banco em tecido"},{"id":62,"name":"Banco motorista pneum\u00e1tico"},{"id":63,"name":"Banco: 1"},{"id":713,"name":"Banco: 2"},{"id":712,"name":"Banco: 3"},{"id":64,"name":"Banco: 6"},{"id":714,"name":"Cabine dupla"},{"id":65,"name":"Cabine estendida"},{"id":66,"name":"Cabine teto alto"},{"id":67,"name":"Cama: Duas"},{"id":68,"name":"Cama: Grande"},{"id":69,"name":"Cama: Uma"},{"id":70,"name":"Climatizador de cabine"},{"id":703,"name":"Comandos no volante"},{"id":501,"name":"Cortina"},{"id":262,"name":"Dire\u00e7\u00e3o escamote\u00e1vel"},{"id":71,"name":"Esguicho de \u00e1gua no farol"},{"id":706,"name":"Farol auxiliar superior"},{"id":707,"name":"Farol de milha"},{"id":708,"name":"Farol de neblina"},{"id":261,"name":"Geladeira frigor\u00edfico"},{"id":72,"name":"Limpador de farol"},{"id":73,"name":"Maleiro"},{"id":710,"name":"Microfone no banco"},{"id":74,"name":"Porta objetos"},{"id":75,"name":"R\u00e1dio comunicador"},{"id":76,"name":"Retrovisores el\u00e9tricos"},{"id":77,"name":"Retrovisores por c\u00e2mera"},{"id":78,"name":"Som e multim\u00eddia"},{"id":498,"name":"Televis\u00e3o"},{"id":79,"name":"Vidros el\u00e9tricos"}]},{"groupName":"C\u00e2mbio","characteristic_id":15,"items":[{"id":386,"name":"C\u00e2mbio 05 marchas"},{"id":387,"name":"C\u00e2mbio 06 marchas"},{"id":402,"name":"C\u00e2mbio 07 marchas"},{"id":388,"name":"C\u00e2mbio 08 marchas"},{"id":384,"name":"C\u00e2mbio 10 marchas"},{"id":385,"name":"Cambio 12 Marchas"},{"id":403,"name":"C\u00e2mbio 13 marchas"},{"id":400,"name":"C\u00e2mbio 14 marchas"},{"id":401,"name":"C\u00e2mbio 16 marchas"},{"id":404,"name":"C\u00e2mbio 18 marchas"},{"id":389,"name":"C\u00e2mbio autom\u00e1tico"},{"id":391,"name":"C\u00e2mbio automatizado"},{"id":390,"name":"C\u00e2mbio com redu\u00e7\u00e3o"},{"id":696,"name":"C\u00e2mbio manual"}]},{"groupName":"Dire\u00e7\u00e3o","characteristic_id":17,"items":[{"id":397,"name":"Eletro-hidr\u00e1ulica"},{"id":398,"name":"Hidr\u00e1ulica"},{"id":399,"name":"R\u00edgida"}]},{"groupName":"Eixo Diferencial","characteristic_id":16,"items":[{"id":392,"name":"Bloqueio longitudinal"},{"id":393,"name":"Bloqueio transversal"},{"id":394,"name":"Com cubo redutor"},{"id":711,"name":"Com reduzida"},{"id":395,"name":"Sem cubo redutor"}]},{"groupName":"Entre Eixos","characteristic_id":4,"items":[{"id":245,"name":"Entre eixos 2.500 mm"},{"id":246,"name":"Entre eixos 2.800 mm"},{"id":247,"name":"Entre eixos 3.000 mm"},{"id":248,"name":"Entre eixos 3.200 mm"},{"id":249,"name":"Entre eixos 3.300 mm"},{"id":250,"name":"Entre eixos 3.400 mm"},{"id":251,"name":"Entre eixos 3.500 mm"},{"id":252,"name":"Entre eixos 3.600 mm"},{"id":300,"name":"Entre eixos 3.700 mm"},{"id":253,"name":"Entre eixos 3.800 mm"},{"id":254,"name":"Entre eixos 3.900 mm"},{"id":255,"name":"Entre eixos 4.000 mm"},{"id":256,"name":"Entre eixos 4.050 mm"},{"id":257,"name":"Entre eixos 4.100 mm"},{"id":258,"name":"Entre eixos 4.200 mm"},{"id":310,"name":"Entre eixos 4.300 mm"},{"id":650,"name":"Entre eixos 4.450 mm"},{"id":651,"name":"Entre eixos 4.500 mm"},{"id":652,"name":"Entre eixos 4.600 mm"},{"id":653,"name":"Entre eixos 4.700 mm"},{"id":654,"name":"Entre eixos 4.800 mm"},{"id":655,"name":"Entre eixos 5.000 mm"},{"id":656,"name":"Entre eixos 5.100 mm"},{"id":657,"name":"Entre eixos 5.300 mm"},{"id":658,"name":"Entre eixos 5.700 mm"},{"id":659,"name":"Entre eixos 6.000 mm"},{"id":660,"name":"Entre eixos 6.024 mm"},{"id":661,"name":"Entre eixos 6.300 mm"},{"id":662,"name":"Entre eixos 6.431 mm"},{"id":663,"name":"Entre eixos 6.600 mm"},{"id":664,"name":"Entre eixos 7.000 mm"}]},{"groupName":"Freio Auxiliar","characteristic_id":18,"items":[{"id":406,"name":"Freio intarder ZF 500cv"},{"id":407,"name":"Freio intarder ZF 680cv"},{"id":408,"name":"Freio intarder ZF 815cv"},{"id":409,"name":"Freio motor DAF 430"},{"id":410,"name":"Freio motor DAF 480"},{"id":411,"name":"Freio motor DAF 490"},{"id":412,"name":"Freio motor Jacobs (C Brake)"},{"id":413,"name":"Freio motor MB 580"},{"id":414,"name":"Freio motor Scania CRB"},{"id":415,"name":"Freio motor Top-Brake"},{"id":416,"name":"Freio motor Turbo-Brake 540"},{"id":468,"name":"Freio motor VEB 370"},{"id":417,"name":"Freio motor VEB 410"},{"id":418,"name":"Freio motor VEB 510"},{"id":469,"name":"Freio motor VEB 760"},{"id":739,"name":"Freio retarder e-Brake"},{"id":419,"name":"Freio retarder Scania 550cv"},{"id":420,"name":"Freio retarder Scania 600cv"},{"id":421,"name":"Freio retarder Telma 300cv"},{"id":422,"name":"Freio retarder Telma 450cv"},{"id":423,"name":"Freio retarder Telma 500cv"},{"id":424,"name":"Freio retarder Telma 600cv"},{"id":425,"name":"Freio retarder Voith 500cv"},{"id":426,"name":"Freio retarder Voith 600cv"},{"id":427,"name":"Freio retarder Voith 680cv"},{"id":428,"name":"Freio retarder Voith 750cv"},{"id":429,"name":"Freio retarder Voith 815cv"}]},{"groupName":"Motor","characteristic_id":19,"items":[{"id":431,"name":"Diesel"},{"id":432,"name":"El\u00e9trico"},{"id":433,"name":"Gasolina"},{"id":502,"name":"GNL"},{"id":430,"name":"GNV"},{"id":439,"name":"H\u00edbrido"},{"id":440,"name":"Hidrog\u00eanio"},{"id":434,"name":"Interculado"},{"id":730,"name":"Motor Chevrolet"},{"id":724,"name":"Motor Cummins"},{"id":729,"name":"Motor Ford"},{"id":727,"name":"Motor Man"},{"id":723,"name":"Motor Mercedes-Benz"},{"id":725,"name":"Motor MWM"},{"id":726,"name":"Motor Paccar"},{"id":721,"name":"Motor Scania"},{"id":722,"name":"Motor Volvo"},{"id":728,"name":"Motor VW"},{"id":436,"name":"P-1 a P-5 (Euro 3)"},{"id":437,"name":"P-6 a P-7 (Euro 5)"},{"id":438,"name":"P-8 (Euro 6)"},{"id":435,"name":"Turbinado"},{"id":719,"name":"V6"},{"id":720,"name":"V8"}]},{"groupName":"Pneus","characteristic_id":24,"items":[{"id":478,"name":"10.00-20"},{"id":479,"name":"11.00-22"},{"id":480,"name":"12.00-24"},{"id":481,"name":"215\/75 R17.5"},{"id":482,"name":"245\/70 R19.5"},{"id":483,"name":"275\/80 R22.5"},{"id":484,"name":"295\/80 R22.5"},{"id":485,"name":"315\/80 R22.5"},{"id":486,"name":"385\/65 R22.5"},{"id":699,"name":"Pneus novos"},{"id":701,"name":"Pneus recapados"},{"id":700,"name":"Pneus seminovos"}]},{"groupName":"Rodas","characteristic_id":23,"items":[{"id":475,"name":"A\u00e7o"},{"id":476,"name":"Alum\u00ednio"},{"id":477,"name":"Raiadas"}]},{"groupName":"Seguran\u00e7a e Assist\u00eancia","characteristic_id":6,"items":[{"id":82,"name":"ABS (Sist. Anti Trav. das Rodas)"},{"id":92,"name":"AEB (Frenagem de emerg\u00eancia)"},{"id":83,"name":"Airbags"},{"id":496,"name":"Alerta de colis\u00e3o frontal"},{"id":91,"name":"ASR (Cont. de Tra\u00e7\u00e3o)"},{"id":99,"name":"BSW (Sensores de ponto cego)"},{"id":84,"name":"C\u00e2mera de r\u00e9 e\/ou 360\u00b0"},{"id":85,"name":"C\u00e2mera interna"},{"id":87,"name":"Cinto de Seg. Pr\u00e9-Tensionador"},{"id":88,"name":"Controle de cruzeiro + GPS"},{"id":98,"name":"DFM (Sensor de fadiga do motorista)"},{"id":489,"name":"EBD (Dist. Elet. de Frenagem)"},{"id":491,"name":"EBS (Sist. de freio eletr\u00f4nico)"},{"id":259,"name":"ECU (Uni. Cont. Elet. do motor)"},{"id":89,"name":"ESC (Cont. Elet. de Estabilidade)"},{"id":490,"name":"ESS (Luz de freio de emerg\u00eancia)"},{"id":497,"name":"FUPS (Sist. Anti-Invas\u00e3o Frontal)"},{"id":492,"name":"Hill Holder (Assist. Partida em Rampa)"},{"id":95,"name":"LDWS (Perman\u00eancia em faixa)"},{"id":93,"name":"Limitador de velocidade"},{"id":493,"name":"LKA (Assist. de Manut. na Faixa)"},{"id":495,"name":"LSV (Cont. press\u00e3o de freio)"},{"id":90,"name":"OBD (Diag. eletr\u00f4nico)"},{"id":96,"name":"Rastreador por GPS"},{"id":97,"name":"Rastreador Satelital"},{"id":329,"name":"RGS (Sensor de chuva)"},{"id":326,"name":"Tac\u00f3grafo anal\u00f3gico"},{"id":327,"name":"Tac\u00f3grafo digital"},{"id":328,"name":"Telemetria"},{"id":94,"name":"TPMS (Monit. de pneus)"},{"id":494,"name":"TSC (Cont. Est. de Reboque)"}]},{"groupName":"Suspens\u00e3o","characteristic_id":21,"items":[{"id":718,"name":"2\u00ba eixo suspensor pneum\u00e1tico"},{"id":717,"name":"3\u00ba eixo suspensor pneum\u00e1tico"},{"id":464,"name":"Dianteira hidropneum\u00e1tica"},{"id":716,"name":"Dianteira molas"},{"id":460,"name":"Dianteira multil\u00e2minas"},{"id":461,"name":"Dianteira pneum\u00e1tica"},{"id":463,"name":"Dianteira pneum\u00e1tica + molas"},{"id":466,"name":"Dianteira semiel\u00edpticas"},{"id":462,"name":"Dianteria parab\u00f3licas"},{"id":688,"name":"Traseira balanceada"},{"id":691,"name":"Traseira bogie"},{"id":692,"name":"Traseira cantilever"},{"id":694,"name":"Traseira hidropneum\u00e1tica"},{"id":715,"name":"Traseira molas"},{"id":686,"name":"Traseira multil\u00e2minas"},{"id":687,"name":"Traseira parab\u00f3licas"},{"id":693,"name":"Traseira pneum\u00e1tica"},{"id":695,"name":"Traseira pneum\u00e1tica + molas"},{"id":690,"name":"Traseira rocker beam"},{"id":465,"name":"Traseira semiel\u00edpticas"},{"id":689,"name":"Traseira walking beam"}]},{"groupName":"Tanque de Combust\u00edvel","characteristic_id":22,"items":[{"id":470,"name":"Arla32 60lt +"},{"id":471,"name":"Diesel 1000lt +"},{"id":487,"name":"GNL 600lt +"},{"id":472,"name":"GNV 300m\u00b3 +"},{"id":649,"name":"N\u00e3o usa Arla32"},{"id":648,"name":"Tanque de a\u00e7o"},{"id":473,"name":"Tanque de alum\u00ednio"},{"id":647,"name":"Tanque de inox"},{"id":474,"name":"Tanque de pl\u00e1stico"}]},{"groupName":"Tipo de Vendedor","characteristic_id":35,"items":[{"id":754,"name":"Concession\u00e1ria"},{"id":753,"name":"Lojista"},{"id":752,"name":"Particular"},{"id":758,"name":"\u00danico dono"}]},{"groupName":"Tra\u00e7\u00e3o","characteristic_id":20,"items":[{"id":453,"name":"Tra\u00e7\u00e3o 10x10"},{"id":450,"name":"Tra\u00e7\u00e3o 10x4"},{"id":451,"name":"Tra\u00e7\u00e3o 10x6"},{"id":452,"name":"Tra\u00e7\u00e3o 10x8"},{"id":441,"name":"Tra\u00e7\u00e3o 4x2"},{"id":447,"name":"Tra\u00e7\u00e3o 4x4"},{"id":442,"name":"Tra\u00e7\u00e3o 6x2"},{"id":443,"name":"Tra\u00e7\u00e3o 6x4"},{"id":444,"name":"Tra\u00e7\u00e3o 6x6"},{"id":445,"name":"Tra\u00e7\u00e3o 8x2"},{"id":446,"name":"Tra\u00e7\u00e3o 8x4"},{"id":448,"name":"Tra\u00e7\u00e3o 8x6"},{"id":449,"name":"Tra\u00e7\u00e3o 8x8"}]},{"groupName":"Valida\u00e7\u00e3o T\u00e9cnica do Ve\u00edculo","characteristic_id":33,"items":[{"id":740,"name":"Laudo Cautelar"},{"id":751,"name":"Telemetria Operacional"}]}]